{"id":466,"date":"2024-04-09T09:47:59","date_gmt":"2024-04-09T09:47:59","guid":{"rendered":"https:\/\/ylasavonmobilistit.fi\/?p=466"},"modified":"2024-04-16T07:31:59","modified_gmt":"2024-04-16T07:31:59","slug":"yhdistys-mukana-toteuttamassa-nayttelya-ratamoottoripyorailija-teuvo-lansivuoren-urasta-avajaiset-toukokuussa-2024","status":"publish","type":"post","link":"https:\/\/ylasavonmobilistit.fi\/index.php\/2024\/04\/09\/yhdistys-mukana-toteuttamassa-nayttelya-ratamoottoripyorailija-teuvo-lansivuoren-urasta-avajaiset-toukokuussa-2024\/","title":{"rendered":"Yhdistys mukana toteuttamassa n\u00e4yttely\u00e4 ratamoottoripy\u00f6r\u00e4ilij\u00e4 Teuvo L\u00e4nsivuoren urasta. Avajaiset toukokuussa 2024 (klikkaa otsikkoa lue koko artikkeli)"},"content":{"rendered":"\n<p>Lue lis\u00e4\u00e4: <a href=\"https:\/\/www.iisalmensanomat.fi\/paikalliset\/6682950\">https:\/\/www.iisalmensanomat.fi\/paikalliset\/6682950<\/a> (vaatii kirjautumisen)<\/p>\n\n\n\n<figure class=\"wp-block-image size-large\"><img loading=\"lazy\" decoding=\"async\" width=\"1024\" height=\"680\" src=\"https:\/\/ylasavonmobilistit.fi\/wp-content\/uploads\/2024\/04\/Tepi-kauppahallissa-1024x680.jpg\" alt=\"\" class=\"wp-image-467\" srcset=\"https:\/\/ylasavonmobilistit.fi\/wp-content\/uploads\/2024\/04\/Tepi-kauppahallissa-1024x680.jpg 1024w, https:\/\/ylasavonmobilistit.fi\/wp-content\/uploads\/2024\/04\/Tepi-kauppahallissa-300x199.jpg 300w, https:\/\/ylasavonmobilistit.fi\/wp-content\/uploads\/2024\/04\/Tepi-kauppahallissa-768x510.jpg 768w, https:\/\/ylasavonmobilistit.fi\/wp-content\/uploads\/2024\/04\/Tepi-kauppahallissa-570x380.jpg 570w, https:\/\/ylasavonmobilistit.fi\/wp-content\/uploads\/2024\/04\/Tepi-kauppahallissa-285x190.jpg 285w, https:\/\/ylasavonmobilistit.fi\/wp-content\/uploads\/2024\/04\/Tepi-kauppahallissa.jpg 1440w\" sizes=\"auto, (max-width: 1024px) 100vw, 1024px\" \/><\/figure>\n\n\n\n<p>Yl\u00e4-Savon Mobilistit ja Konepy\u00f6r\u00e4ilij\u00e4t ry on ollut vahvasti mukana ideoimassa ja kehitt\u00e4m\u00e4ss\u00e4 RR legenda Teuvo &#8221;Tepi&#8221; L\u00e4nsivuoren uraa esittelev\u00e4\u00e4 n\u00e4yttely\u00e4.<br><br>OLVI-s\u00e4\u00e4ti\u00f6n my\u00f6nt\u00e4m\u00e4n apurahojen turvin on mahdollistettu laadukkaan n\u00e4yttelyn toteuttaminen Iisalmeen. Ensimm\u00e4isess\u00e4 vaiheessa kasattiin ja digitoitiin kaikki Tepin urasta kertova materiaali. Toisessa vaiheessa hankittiin n\u00e4yttelytekniikka ja kolmannessa toteutetaan n\u00e4yttelytilan rakenteet sek\u00e4 markkinointisuunnitelma tuleville vuosille.<br><br><strong>Ymp\u00e4rivuotinen n\u00e4yttely kauppakeskuksen avoinnaoloaikoina<\/strong><br>Toteutettava n\u00e4yttely luo Yl\u00e4-Savoon ymp\u00e4rivuotisen k\u00e4yntikohteen moottoriurheilun historiasta kiinnostuneille kotimaisille ja kansainv\u00e4lisille kohderyhmille. N\u00e4yttelyn sis\u00e4lt\u00f6 oikein hy\u00f6dynnettyn\u00e4 antaa mukana oleville yrityksille kansallista ja kansainv\u00e4list\u00e4 n\u00e4kyvyytt\u00e4.<br><br><strong>N\u00e4yttelytila <strong>kauppakesku<\/strong>s Keisarinkulmassa &#8211; Iisalmen ydinkeskustassa <\/strong><br>Tarjoamme yhteisty\u00f6yrityksille mahdollisuutta olla mukana rahoittamassa n\u00e4yttelyn vuosittaista yll\u00e4pitoa yhdistyksemme kanssa. N\u00e4yttelyyn on vapaa p\u00e4\u00e4sy kauppakeskuksen avoinnaoloaikoina, joten toimintamme on voittoa tavoittelematon ja tarkoitettu yhteiseksi hyv\u00e4ksi ja kaupunkikeskustan el\u00e4v\u00f6itt\u00e4miseksi.<br>Tutustu yhteisty\u00f6sopimusmalleihin alla. Yhteyshenkil\u00f6 Pasi Tuppurainen.<br><br><a href=\"https:\/\/ylasavonmobilistit.fi\/index.php\/rr-legenda-teuvo-lansivuori-nayttely\/\">Tutustu tarkemmin n\u00e4yttelyyn, klikkaa t\u00e4st\u00e4!<\/a><\/p>\n\n\n\n<div data-wp-interactive=\"core\/file\" class=\"wp-block-file\"><object data-wp-bind--hidden=\"!state.hasPdfPreview\" hidden class=\"wp-block-file__embed\" data=\"https:\/\/ylasavonmobilistit.fi\/wp-content\/uploads\/2024\/04\/Yhteistyoehdotus-digi-1.pdf\" type=\"application\/pdf\" style=\"width:100%;height:600px\" aria-label=\"Tiedoston Yhteistyoehdotus-digi-1 upotus.\"><\/object><a id=\"wp-block-file--media-3b8dd1c7-8f11-435b-b435-c781658fce1f\" href=\"https:\/\/ylasavonmobilistit.fi\/wp-content\/uploads\/2024\/04\/Yhteistyoehdotus-digi-1.pdf\">Yhteistyoehdotus-digi-1<\/a><a href=\"https:\/\/ylasavonmobilistit.fi\/wp-content\/uploads\/2024\/04\/Yhteistyoehdotus-digi-1.pdf\" class=\"wp-block-file__button wp-element-button\" download aria-describedby=\"wp-block-file--media-3b8dd1c7-8f11-435b-b435-c781658fce1f\">Lataa<\/a><\/div>\n","protected":false},"excerpt":{"rendered":"<p>Lue lis\u00e4\u00e4: https:\/\/www.iisalmensanomat.fi\/paikalliset\/6682950 (vaatii kirjautumisen) Yl\u00e4-Savon Mobilistit ja Konepy\u00f6r\u00e4ilij\u00e4t ry on ollut vahvasti mukana ideoimassa ja kehitt\u00e4m\u00e4ss\u00e4 RR legenda Teuvo &#8221;Tepi&#8221; L\u00e4nsivuoren uraa esittelev\u00e4\u00e4 n\u00e4yttely\u00e4. OLVI-s\u00e4\u00e4ti\u00f6n my\u00f6nt\u00e4m\u00e4n apurahojen turvin on mahdollistettu laadukkaan n\u00e4yttelyn toteuttaminen Iisalmeen. Ensimm\u00e4isess\u00e4 vaiheessa kasattiin ja digitoitiin kaikki Tepin urasta kertova materiaali. Toisessa vaiheessa hankittiin n\u00e4yttelytekniikka ja kolmannessa toteutetaan n\u00e4yttelytilan rakenteet sek\u00e4<span class=\"post-excerpt-end\">&hellip;<\/span><\/p>\n<p class=\"more-link\"><a href=\"https:\/\/ylasavonmobilistit.fi\/index.php\/2024\/04\/09\/yhdistys-mukana-toteuttamassa-nayttelya-ratamoottoripyorailija-teuvo-lansivuoren-urasta-avajaiset-toukokuussa-2024\/\" class=\"themebutton\">Read More<\/a><\/p>\n","protected":false},"author":1,"featured_media":0,"comment_status":"closed","ping_status":"closed","sticky":false,"template":"","format":"standard","meta":{"footnotes":""},"categories":[1],"tags":[],"class_list":["post-466","post","type-post","status-publish","format-standard","hentry","category-uncategorized"],"yoast_head":"<!-- This site is optimized with the Yoast SEO plugin v20.13 - https:\/\/yoast.com\/wordpress\/plugins\/seo\/ -->\n<title>Yhdistys mukana toteuttamassa n\u00e4yttely\u00e4 ratamoottoripy\u00f6r\u00e4ilij\u00e4 Teuvo L\u00e4nsivuoren urasta. Avajaiset toukokuussa 2024 (klikkaa otsikkoa lue koko artikkeli) - Yl\u00e4-Savon Mobilistit ja Konepy\u00f6r\u00e4ilij\u00e4t ry<\/title>\n<meta name=\"robots\" content=\"index, follow, max-snippet:-1, max-image-preview:large, max-video-preview:-1\" \/>\n<link rel=\"canonical\" href=\"https:\/\/ylasavonmobilistit.fi\/index.php\/2024\/04\/09\/yhdistys-mukana-toteuttamassa-nayttelya-ratamoottoripyorailija-teuvo-lansivuoren-urasta-avajaiset-toukokuussa-2024\/\" \/>\n<meta property=\"og:locale\" content=\"fi_FI\" \/>\n<meta property=\"og:type\" content=\"article\" \/>\n<meta property=\"og:title\" content=\"Yhdistys mukana toteuttamassa n\u00e4yttely\u00e4 ratamoottoripy\u00f6r\u00e4ilij\u00e4 Teuvo L\u00e4nsivuoren urasta. Avajaiset toukokuussa 2024 (klikkaa otsikkoa lue koko artikkeli) - Yl\u00e4-Savon Mobilistit ja Konepy\u00f6r\u00e4ilij\u00e4t ry\" \/>\n<meta property=\"og:description\" content=\"Lue lis\u00e4\u00e4: https:\/\/www.iisalmensanomat.fi\/paikalliset\/6682950 (vaatii kirjautumisen) Yl\u00e4-Savon Mobilistit ja Konepy\u00f6r\u00e4ilij\u00e4t ry on ollut vahvasti mukana ideoimassa ja kehitt\u00e4m\u00e4ss\u00e4 RR legenda Teuvo &#8221;Tepi&#8221; L\u00e4nsivuoren uraa esittelev\u00e4\u00e4 n\u00e4yttely\u00e4. OLVI-s\u00e4\u00e4ti\u00f6n my\u00f6nt\u00e4m\u00e4n apurahojen turvin on mahdollistettu laadukkaan n\u00e4yttelyn toteuttaminen Iisalmeen. Ensimm\u00e4isess\u00e4 vaiheessa kasattiin ja digitoitiin kaikki Tepin urasta kertova materiaali. Toisessa vaiheessa hankittiin n\u00e4yttelytekniikka ja kolmannessa toteutetaan n\u00e4yttelytilan rakenteet sek\u00e4&hellip;Read More\" \/>\n<meta property=\"og:url\" content=\"https:\/\/ylasavonmobilistit.fi\/index.php\/2024\/04\/09\/yhdistys-mukana-toteuttamassa-nayttelya-ratamoottoripyorailija-teuvo-lansivuoren-urasta-avajaiset-toukokuussa-2024\/\" \/>\n<meta property=\"og:site_name\" content=\"Yl\u00e4-Savon Mobilistit ja Konepy\u00f6r\u00e4ilij\u00e4t ry\" \/>\n<meta property=\"article:published_time\" content=\"2024-04-09T09:47:59+00:00\" \/>\n<meta property=\"article:modified_time\" content=\"2024-04-16T07:31:59+00:00\" \/>\n<meta property=\"og:image\" content=\"https:\/\/ylasavonmobilistit.fi\/wp-content\/uploads\/2024\/04\/Tepi-kauppahallissa-1024x680.jpg\" \/>\n<meta name=\"author\" content=\"admin\" \/>\n<meta name=\"twitter:card\" content=\"summary_large_image\" \/>\n<meta name=\"twitter:label1\" content=\"Kirjoittanut\" \/>\n\t<meta name=\"twitter:data1\" content=\"admin\" \/>\n\t<meta name=\"twitter:label2\" content=\"Arvioitu lukuaika\" \/>\n\t<meta name=\"twitter:data2\" content=\"2 minuuttia\" \/>\n<script type=\"application\/ld+json\" class=\"yoast-schema-graph\">{\"@context\":\"https:\/\/schema.org\",\"@graph\":[{\"@type\":\"WebPage\",\"@id\":\"https:\/\/ylasavonmobilistit.fi\/index.php\/2024\/04\/09\/yhdistys-mukana-toteuttamassa-nayttelya-ratamoottoripyorailija-teuvo-lansivuoren-urasta-avajaiset-toukokuussa-2024\/\",\"url\":\"https:\/\/ylasavonmobilistit.fi\/index.php\/2024\/04\/09\/yhdistys-mukana-toteuttamassa-nayttelya-ratamoottoripyorailija-teuvo-lansivuoren-urasta-avajaiset-toukokuussa-2024\/\",\"name\":\"Yhdistys mukana toteuttamassa n\u00e4yttely\u00e4 ratamoottoripy\u00f6r\u00e4ilij\u00e4 Teuvo L\u00e4nsivuoren urasta. Avajaiset toukokuussa 2024 (klikkaa otsikkoa lue koko artikkeli) - Yl\u00e4-Savon Mobilistit ja Konepy\u00f6r\u00e4ilij\u00e4t ry\",\"isPartOf\":{\"@id\":\"https:\/\/ylasavonmobilistit.fi\/#website\"},\"datePublished\":\"2024-04-09T09:47:59+00:00\",\"dateModified\":\"2024-04-16T07:31:59+00:00\",\"author\":{\"@id\":\"https:\/\/ylasavonmobilistit.fi\/#\/schema\/person\/b082fb5f5fd779936abddf88efcee27b\"},\"breadcrumb\":{\"@id\":\"https:\/\/ylasavonmobilistit.fi\/index.php\/2024\/04\/09\/yhdistys-mukana-toteuttamassa-nayttelya-ratamoottoripyorailija-teuvo-lansivuoren-urasta-avajaiset-toukokuussa-2024\/#breadcrumb\"},\"inLanguage\":\"fi\",\"potentialAction\":[{\"@type\":\"ReadAction\",\"target\":[\"https:\/\/ylasavonmobilistit.fi\/index.php\/2024\/04\/09\/yhdistys-mukana-toteuttamassa-nayttelya-ratamoottoripyorailija-teuvo-lansivuoren-urasta-avajaiset-toukokuussa-2024\/\"]}]},{\"@type\":\"BreadcrumbList\",\"@id\":\"https:\/\/ylasavonmobilistit.fi\/index.php\/2024\/04\/09\/yhdistys-mukana-toteuttamassa-nayttelya-ratamoottoripyorailija-teuvo-lansivuoren-urasta-avajaiset-toukokuussa-2024\/#breadcrumb\",\"itemListElement\":[{\"@type\":\"ListItem\",\"position\":1,\"name\":\"Etusivu\",\"item\":\"https:\/\/ylasavonmobilistit.fi\/\"},{\"@type\":\"ListItem\",\"position\":2,\"name\":\"Yhdistys mukana toteuttamassa n\u00e4yttely\u00e4 ratamoottoripy\u00f6r\u00e4ilij\u00e4 Teuvo L\u00e4nsivuoren urasta. Avajaiset toukokuussa 2024 (klikkaa otsikkoa lue koko artikkeli)\"}]},{\"@type\":\"WebSite\",\"@id\":\"https:\/\/ylasavonmobilistit.fi\/#website\",\"url\":\"https:\/\/ylasavonmobilistit.fi\/\",\"name\":\"Yl\u00e4-Savon Mobilistit ja Konepy\u00f6r\u00e4ilij\u00e4t ry\",\"description\":\"\",\"potentialAction\":[{\"@type\":\"SearchAction\",\"target\":{\"@type\":\"EntryPoint\",\"urlTemplate\":\"https:\/\/ylasavonmobilistit.fi\/?s={search_term_string}\"},\"query-input\":\"required name=search_term_string\"}],\"inLanguage\":\"fi\"},{\"@type\":\"Person\",\"@id\":\"https:\/\/ylasavonmobilistit.fi\/#\/schema\/person\/b082fb5f5fd779936abddf88efcee27b\",\"name\":\"admin\",\"sameAs\":[\"https:\/\/ylasavonmobilistit.fi\"],\"url\":\"https:\/\/ylasavonmobilistit.fi\/index.php\/author\/ysmadmin\/\"}]}<\/script>\n<!-- \/ Yoast SEO plugin. -->","yoast_head_json":{"title":"Yhdistys mukana toteuttamassa n\u00e4yttely\u00e4 ratamoottoripy\u00f6r\u00e4ilij\u00e4 Teuvo L\u00e4nsivuoren urasta. Avajaiset toukokuussa 2024 (klikkaa otsikkoa lue koko artikkeli) - Yl\u00e4-Savon Mobilistit ja Konepy\u00f6r\u00e4ilij\u00e4t ry","robots":{"index":"index","follow":"follow","max-snippet":"max-snippet:-1","max-image-preview":"max-image-preview:large","max-video-preview":"max-video-preview:-1"},"canonical":"https:\/\/ylasavonmobilistit.fi\/index.php\/2024\/04\/09\/yhdistys-mukana-toteuttamassa-nayttelya-ratamoottoripyorailija-teuvo-lansivuoren-urasta-avajaiset-toukokuussa-2024\/","og_locale":"fi_FI","og_type":"article","og_title":"Yhdistys mukana toteuttamassa n\u00e4yttely\u00e4 ratamoottoripy\u00f6r\u00e4ilij\u00e4 Teuvo L\u00e4nsivuoren urasta. Avajaiset toukokuussa 2024 (klikkaa otsikkoa lue koko artikkeli) - Yl\u00e4-Savon Mobilistit ja Konepy\u00f6r\u00e4ilij\u00e4t ry","og_description":"Lue lis\u00e4\u00e4: https:\/\/www.iisalmensanomat.fi\/paikalliset\/6682950 (vaatii kirjautumisen) Yl\u00e4-Savon Mobilistit ja Konepy\u00f6r\u00e4ilij\u00e4t ry on ollut vahvasti mukana ideoimassa ja kehitt\u00e4m\u00e4ss\u00e4 RR legenda Teuvo &#8221;Tepi&#8221; L\u00e4nsivuoren uraa esittelev\u00e4\u00e4 n\u00e4yttely\u00e4. OLVI-s\u00e4\u00e4ti\u00f6n my\u00f6nt\u00e4m\u00e4n apurahojen turvin on mahdollistettu laadukkaan n\u00e4yttelyn toteuttaminen Iisalmeen. Ensimm\u00e4isess\u00e4 vaiheessa kasattiin ja digitoitiin kaikki Tepin urasta kertova materiaali. Toisessa vaiheessa hankittiin n\u00e4yttelytekniikka ja kolmannessa toteutetaan n\u00e4yttelytilan rakenteet sek\u00e4&hellip;Read More","og_url":"https:\/\/ylasavonmobilistit.fi\/index.php\/2024\/04\/09\/yhdistys-mukana-toteuttamassa-nayttelya-ratamoottoripyorailija-teuvo-lansivuoren-urasta-avajaiset-toukokuussa-2024\/","og_site_name":"Yl\u00e4-Savon Mobilistit ja Konepy\u00f6r\u00e4ilij\u00e4t ry","article_published_time":"2024-04-09T09:47:59+00:00","article_modified_time":"2024-04-16T07:31:59+00:00","og_image":[{"url":"https:\/\/ylasavonmobilistit.fi\/wp-content\/uploads\/2024\/04\/Tepi-kauppahallissa-1024x680.jpg"}],"author":"admin","twitter_card":"summary_large_image","twitter_misc":{"Kirjoittanut":"admin","Arvioitu lukuaika":"2 minuuttia"},"schema":{"@context":"https:\/\/schema.org","@graph":[{"@type":"WebPage","@id":"https:\/\/ylasavonmobilistit.fi\/index.php\/2024\/04\/09\/yhdistys-mukana-toteuttamassa-nayttelya-ratamoottoripyorailija-teuvo-lansivuoren-urasta-avajaiset-toukokuussa-2024\/","url":"https:\/\/ylasavonmobilistit.fi\/index.php\/2024\/04\/09\/yhdistys-mukana-toteuttamassa-nayttelya-ratamoottoripyorailija-teuvo-lansivuoren-urasta-avajaiset-toukokuussa-2024\/","name":"Yhdistys mukana toteuttamassa n\u00e4yttely\u00e4 ratamoottoripy\u00f6r\u00e4ilij\u00e4 Teuvo L\u00e4nsivuoren urasta. Avajaiset toukokuussa 2024 (klikkaa otsikkoa lue koko artikkeli) - Yl\u00e4-Savon Mobilistit ja Konepy\u00f6r\u00e4ilij\u00e4t ry","isPartOf":{"@id":"https:\/\/ylasavonmobilistit.fi\/#website"},"datePublished":"2024-04-09T09:47:59+00:00","dateModified":"2024-04-16T07:31:59+00:00","author":{"@id":"https:\/\/ylasavonmobilistit.fi\/#\/schema\/person\/b082fb5f5fd779936abddf88efcee27b"},"breadcrumb":{"@id":"https:\/\/ylasavonmobilistit.fi\/index.php\/2024\/04\/09\/yhdistys-mukana-toteuttamassa-nayttelya-ratamoottoripyorailija-teuvo-lansivuoren-urasta-avajaiset-toukokuussa-2024\/#breadcrumb"},"inLanguage":"fi","potentialAction":[{"@type":"ReadAction","target":["https:\/\/ylasavonmobilistit.fi\/index.php\/2024\/04\/09\/yhdistys-mukana-toteuttamassa-nayttelya-ratamoottoripyorailija-teuvo-lansivuoren-urasta-avajaiset-toukokuussa-2024\/"]}]},{"@type":"BreadcrumbList","@id":"https:\/\/ylasavonmobilistit.fi\/index.php\/2024\/04\/09\/yhdistys-mukana-toteuttamassa-nayttelya-ratamoottoripyorailija-teuvo-lansivuoren-urasta-avajaiset-toukokuussa-2024\/#breadcrumb","itemListElement":[{"@type":"ListItem","position":1,"name":"Etusivu","item":"https:\/\/ylasavonmobilistit.fi\/"},{"@type":"ListItem","position":2,"name":"Yhdistys mukana toteuttamassa n\u00e4yttely\u00e4 ratamoottoripy\u00f6r\u00e4ilij\u00e4 Teuvo L\u00e4nsivuoren urasta. Avajaiset toukokuussa 2024 (klikkaa otsikkoa lue koko artikkeli)"}]},{"@type":"WebSite","@id":"https:\/\/ylasavonmobilistit.fi\/#website","url":"https:\/\/ylasavonmobilistit.fi\/","name":"Yl\u00e4-Savon Mobilistit ja Konepy\u00f6r\u00e4ilij\u00e4t ry","description":"","potentialAction":[{"@type":"SearchAction","target":{"@type":"EntryPoint","urlTemplate":"https:\/\/ylasavonmobilistit.fi\/?s={search_term_string}"},"query-input":"required name=search_term_string"}],"inLanguage":"fi"},{"@type":"Person","@id":"https:\/\/ylasavonmobilistit.fi\/#\/schema\/person\/b082fb5f5fd779936abddf88efcee27b","name":"admin","sameAs":["https:\/\/ylasavonmobilistit.fi"],"url":"https:\/\/ylasavonmobilistit.fi\/index.php\/author\/ysmadmin\/"}]}},"_links":{"self":[{"href":"https:\/\/ylasavonmobilistit.fi\/index.php\/wp-json\/wp\/v2\/posts\/466","targetHints":{"allow":["GET"]}}],"collection":[{"href":"https:\/\/ylasavonmobilistit.fi\/index.php\/wp-json\/wp\/v2\/posts"}],"about":[{"href":"https:\/\/ylasavonmobilistit.fi\/index.php\/wp-json\/wp\/v2\/types\/post"}],"author":[{"embeddable":true,"href":"https:\/\/ylasavonmobilistit.fi\/index.php\/wp-json\/wp\/v2\/users\/1"}],"replies":[{"embeddable":true,"href":"https:\/\/ylasavonmobilistit.fi\/index.php\/wp-json\/wp\/v2\/comments?post=466"}],"version-history":[{"count":9,"href":"https:\/\/ylasavonmobilistit.fi\/index.php\/wp-json\/wp\/v2\/posts\/466\/revisions"}],"predecessor-version":[{"id":498,"href":"https:\/\/ylasavonmobilistit.fi\/index.php\/wp-json\/wp\/v2\/posts\/466\/revisions\/498"}],"wp:attachment":[{"href":"https:\/\/ylasavonmobilistit.fi\/index.php\/wp-json\/wp\/v2\/media?parent=466"}],"wp:term":[{"taxonomy":"category","embeddable":true,"href":"https:\/\/ylasavonmobilistit.fi\/index.php\/wp-json\/wp\/v2\/categories?post=466"},{"taxonomy":"post_tag","embeddable":true,"href":"https:\/\/ylasavonmobilistit.fi\/index.php\/wp-json\/wp\/v2\/tags?post=466"}],"curies":[{"name":"wp","href":"https:\/\/api.w.org\/{rel}","templated":true}]}}