{"id":1410,"date":"2026-01-17T09:55:07","date_gmt":"2026-01-17T09:55:07","guid":{"rendered":"https:\/\/ylasavonmobilistit.fi\/?p=1410"},"modified":"2026-01-17T09:59:02","modified_gmt":"2026-01-17T09:59:02","slug":"yhdistyksen-jarjestaytymiskokous-15-1-2026","status":"publish","type":"post","link":"https:\/\/ylasavonmobilistit.fi\/index.php\/2026\/01\/17\/yhdistyksen-jarjestaytymiskokous-15-1-2026\/","title":{"rendered":"Yhdistyksen j\u00e4rjest\u00e4ytymiskokous 15.1.2026"},"content":{"rendered":"\n<p><a href=\"https:\/\/ylasavonmobilistit.fi\/index.php\/hallitus\/\">Yhdistyksen hallitus<\/a> ja sen teht\u00e4v\u00e4t 2026.<\/p>\n\n\n\n<p>Otteita p\u00f6yt\u00e4kirjasta:<\/p>\n\n\n\n<ul class=\"wp-block-list\">\n<li>Uutena museoajoneuvotarkastajana aloittaa Paavo H\u00e4rk\u00f6nen. Ensimm\u00e4iset viisi ohjattuta tarkastusta toteutetaan nykyisten tarkastajien kanssa.<\/li>\n\n\n\n<li>Tapahtumat 2026\n<ul class=\"wp-block-list\">\n<li>1.5. Kes\u00e4kauden Startti Iisalmen torilla<\/li>\n\n\n\n<li>13.6. Classic Car &amp; MC Cruising Olvi-oluthallin pihapiiriss\u00e4, yhteisty\u00f6ss\u00e4 Yl\u00e4-Savon Megaromppeet -tapahtuman kanssa<\/li>\n\n\n\n<li>Merkkikerhotapaaminen 2026, alustavasti 17.-19.7.<\/li>\n\n\n\n<li>Teuvo &#8221;Tepi&#8221; L\u00e4nsivuoren uran\u00e4yttelyn hallinto, n\u00e4yttely avoinna arkisin ja lauantaisin<br><a href=\"https:\/\/www.iisalmijatienoot.fi\/fi_FI\/panimomuseo\/teuvo-quot-tepi-quot-lansivuoren-nayttely\">Lis\u00e4tietoa<\/a>: <\/li>\n<\/ul>\n<\/li>\n\n\n\n<li>Tapahtumaty\u00f6ryhm\u00e4n vastuuhenkil\u00f6t 2026 (yhdistyksen hallitus)\n<ul class=\"wp-block-list\">\n<li>Grillipalvelut: Kari Veps\u00e4l\u00e4inen, Marko Kostian. <\/li>\n\n\n\n<li>Talous ja turvallisuus: Esko Huttunen. <\/li>\n\n\n\n<li>Liikenteenohjaus ja kentt\u00e4ty\u00f6t: Ari Kuosmanen, Paavo H\u00e4rk\u00f6nen, Juha J\u00e4\u00e4skel\u00e4inen. <\/li>\n\n\n\n<li>Viestint\u00e4: Jarmo Miettinen<\/li>\n<\/ul>\n<\/li>\n\n\n\n<li>Tapahtumaty\u00f6ryhm\u00e4 2026\n<ul class=\"wp-block-list\">\n<li>ty\u00f6ryhm\u00e4\u00e4n on kutsuttu j\u00e4seni\u00e4 ja heid\u00e4n puolisojaan. Tavoitteena toteuttaa laadukkaita ja sujuvia tapahtumia, tekij\u00e4joukon kasvattaminen ja uusien j\u00e4senten mukaansaaminen, yhdistyksen n\u00e4kyvyyden ja vetovoiman lis\u00e4\u00e4minen, yhteisty\u00f6 paikallisten toimijoiden kanssa sek\u00e4 toiminnan jatkuvuuden turvaaminen<\/li>\n\n\n\n<li>Seuraava tapahtumaty\u00f6ryhm\u00e4n kokous 5.2.2026 klo 19 kerhotiloissa.<\/li>\n<\/ul>\n<\/li>\n<\/ul>\n\n\n\n<figure class=\"wp-block-image size-large is-resized\"><img loading=\"lazy\" decoding=\"async\" width=\"1024\" height=\"1024\" src=\"https:\/\/ylasavonmobilistit.fi\/wp-content\/uploads\/2026\/01\/Y-S-Mobilistit-startti-2026-1080x1080-1-1024x1024.png\" alt=\"\" class=\"wp-image-1413\" style=\"width:481px;height:auto\" srcset=\"https:\/\/ylasavonmobilistit.fi\/wp-content\/uploads\/2026\/01\/Y-S-Mobilistit-startti-2026-1080x1080-1-1024x1024.png 1024w, https:\/\/ylasavonmobilistit.fi\/wp-content\/uploads\/2026\/01\/Y-S-Mobilistit-startti-2026-1080x1080-1-300x300.png 300w, https:\/\/ylasavonmobilistit.fi\/wp-content\/uploads\/2026\/01\/Y-S-Mobilistit-startti-2026-1080x1080-1-150x150.png 150w, https:\/\/ylasavonmobilistit.fi\/wp-content\/uploads\/2026\/01\/Y-S-Mobilistit-startti-2026-1080x1080-1-768x768.png 768w, https:\/\/ylasavonmobilistit.fi\/wp-content\/uploads\/2026\/01\/Y-S-Mobilistit-startti-2026-1080x1080-1.png 1080w\" sizes=\"auto, (max-width: 1024px) 100vw, 1024px\" \/><\/figure>\n\n\n\n<figure class=\"wp-block-image size-large is-resized\"><img loading=\"lazy\" decoding=\"async\" width=\"1024\" height=\"1024\" src=\"https:\/\/ylasavonmobilistit.fi\/wp-content\/uploads\/2026\/01\/Y-S-Mobilistit-cruising-2026-1080x1080-1-1024x1024.png\" alt=\"\" class=\"wp-image-1414\" style=\"width:472px;height:auto\" srcset=\"https:\/\/ylasavonmobilistit.fi\/wp-content\/uploads\/2026\/01\/Y-S-Mobilistit-cruising-2026-1080x1080-1-1024x1024.png 1024w, https:\/\/ylasavonmobilistit.fi\/wp-content\/uploads\/2026\/01\/Y-S-Mobilistit-cruising-2026-1080x1080-1-300x300.png 300w, https:\/\/ylasavonmobilistit.fi\/wp-content\/uploads\/2026\/01\/Y-S-Mobilistit-cruising-2026-1080x1080-1-150x150.png 150w, https:\/\/ylasavonmobilistit.fi\/wp-content\/uploads\/2026\/01\/Y-S-Mobilistit-cruising-2026-1080x1080-1-768x768.png 768w, https:\/\/ylasavonmobilistit.fi\/wp-content\/uploads\/2026\/01\/Y-S-Mobilistit-cruising-2026-1080x1080-1.png 1080w\" sizes=\"auto, (max-width: 1024px) 100vw, 1024px\" \/><\/figure>\n\n\n\n<figure class=\"wp-block-image size-large is-resized\"><img loading=\"lazy\" decoding=\"async\" width=\"1024\" height=\"1024\" src=\"https:\/\/ylasavonmobilistit.fi\/wp-content\/uploads\/2026\/01\/Y-S-Mobilistit-merkkikerhotap-2026-1080x1080-1-1024x1024.png\" alt=\"\" class=\"wp-image-1415\" style=\"width:465px;height:auto\" srcset=\"https:\/\/ylasavonmobilistit.fi\/wp-content\/uploads\/2026\/01\/Y-S-Mobilistit-merkkikerhotap-2026-1080x1080-1-1024x1024.png 1024w, https:\/\/ylasavonmobilistit.fi\/wp-content\/uploads\/2026\/01\/Y-S-Mobilistit-merkkikerhotap-2026-1080x1080-1-300x300.png 300w, https:\/\/ylasavonmobilistit.fi\/wp-content\/uploads\/2026\/01\/Y-S-Mobilistit-merkkikerhotap-2026-1080x1080-1-150x150.png 150w, https:\/\/ylasavonmobilistit.fi\/wp-content\/uploads\/2026\/01\/Y-S-Mobilistit-merkkikerhotap-2026-1080x1080-1-768x768.png 768w, https:\/\/ylasavonmobilistit.fi\/wp-content\/uploads\/2026\/01\/Y-S-Mobilistit-merkkikerhotap-2026-1080x1080-1.png 1080w\" sizes=\"auto, (max-width: 1024px) 100vw, 1024px\" \/><\/figure>\n","protected":false},"excerpt":{"rendered":"<p>Yhdistyksen hallitus ja sen teht\u00e4v\u00e4t 2026. Otteita p\u00f6yt\u00e4kirjasta:<\/p>\n","protected":false},"author":1,"featured_media":0,"comment_status":"closed","ping_status":"closed","sticky":false,"template":"","format":"standard","meta":{"footnotes":""},"categories":[1],"tags":[],"class_list":["post-1410","post","type-post","status-publish","format-standard","hentry","category-uncategorized"],"yoast_head":"<!-- This site is optimized with the Yoast SEO plugin v20.13 - https:\/\/yoast.com\/wordpress\/plugins\/seo\/ -->\n<title>Yhdistyksen j\u00e4rjest\u00e4ytymiskokous 15.1.2026 - Yl\u00e4-Savon Mobilistit ja Konepy\u00f6r\u00e4ilij\u00e4t ry<\/title>\n<meta name=\"robots\" content=\"index, follow, max-snippet:-1, max-image-preview:large, max-video-preview:-1\" \/>\n<link rel=\"canonical\" href=\"https:\/\/ylasavonmobilistit.fi\/index.php\/2026\/01\/17\/yhdistyksen-jarjestaytymiskokous-15-1-2026\/\" \/>\n<meta property=\"og:locale\" content=\"fi_FI\" \/>\n<meta property=\"og:type\" content=\"article\" \/>\n<meta property=\"og:title\" content=\"Yhdistyksen j\u00e4rjest\u00e4ytymiskokous 15.1.2026 - Yl\u00e4-Savon Mobilistit ja Konepy\u00f6r\u00e4ilij\u00e4t ry\" \/>\n<meta property=\"og:description\" content=\"Yhdistyksen hallitus ja sen teht\u00e4v\u00e4t 2026. Otteita p\u00f6yt\u00e4kirjasta:\" \/>\n<meta property=\"og:url\" content=\"https:\/\/ylasavonmobilistit.fi\/index.php\/2026\/01\/17\/yhdistyksen-jarjestaytymiskokous-15-1-2026\/\" \/>\n<meta property=\"og:site_name\" content=\"Yl\u00e4-Savon Mobilistit ja Konepy\u00f6r\u00e4ilij\u00e4t ry\" \/>\n<meta property=\"article:published_time\" content=\"2026-01-17T09:55:07+00:00\" \/>\n<meta property=\"article:modified_time\" content=\"2026-01-17T09:59:02+00:00\" \/>\n<meta property=\"og:image\" content=\"https:\/\/ylasavonmobilistit.fi\/wp-content\/uploads\/2026\/01\/Y-S-Mobilistit-startti-2026-1080x1080-1-1024x1024.png\" \/>\n<meta name=\"author\" content=\"admin\" \/>\n<meta name=\"twitter:card\" content=\"summary_large_image\" \/>\n<meta name=\"twitter:label1\" content=\"Kirjoittanut\" \/>\n\t<meta name=\"twitter:data1\" content=\"admin\" \/>\n\t<meta name=\"twitter:label2\" content=\"Arvioitu lukuaika\" \/>\n\t<meta name=\"twitter:data2\" content=\"2 minuuttia\" \/>\n<script type=\"application\/ld+json\" class=\"yoast-schema-graph\">{\"@context\":\"https:\/\/schema.org\",\"@graph\":[{\"@type\":\"WebPage\",\"@id\":\"https:\/\/ylasavonmobilistit.fi\/index.php\/2026\/01\/17\/yhdistyksen-jarjestaytymiskokous-15-1-2026\/\",\"url\":\"https:\/\/ylasavonmobilistit.fi\/index.php\/2026\/01\/17\/yhdistyksen-jarjestaytymiskokous-15-1-2026\/\",\"name\":\"Yhdistyksen j\u00e4rjest\u00e4ytymiskokous 15.1.2026 - Yl\u00e4-Savon Mobilistit ja Konepy\u00f6r\u00e4ilij\u00e4t ry\",\"isPartOf\":{\"@id\":\"https:\/\/ylasavonmobilistit.fi\/#website\"},\"datePublished\":\"2026-01-17T09:55:07+00:00\",\"dateModified\":\"2026-01-17T09:59:02+00:00\",\"author\":{\"@id\":\"https:\/\/ylasavonmobilistit.fi\/#\/schema\/person\/b082fb5f5fd779936abddf88efcee27b\"},\"breadcrumb\":{\"@id\":\"https:\/\/ylasavonmobilistit.fi\/index.php\/2026\/01\/17\/yhdistyksen-jarjestaytymiskokous-15-1-2026\/#breadcrumb\"},\"inLanguage\":\"fi\",\"potentialAction\":[{\"@type\":\"ReadAction\",\"target\":[\"https:\/\/ylasavonmobilistit.fi\/index.php\/2026\/01\/17\/yhdistyksen-jarjestaytymiskokous-15-1-2026\/\"]}]},{\"@type\":\"BreadcrumbList\",\"@id\":\"https:\/\/ylasavonmobilistit.fi\/index.php\/2026\/01\/17\/yhdistyksen-jarjestaytymiskokous-15-1-2026\/#breadcrumb\",\"itemListElement\":[{\"@type\":\"ListItem\",\"position\":1,\"name\":\"Etusivu\",\"item\":\"https:\/\/ylasavonmobilistit.fi\/\"},{\"@type\":\"ListItem\",\"position\":2,\"name\":\"Yhdistyksen j\u00e4rjest\u00e4ytymiskokous 15.1.2026\"}]},{\"@type\":\"WebSite\",\"@id\":\"https:\/\/ylasavonmobilistit.fi\/#website\",\"url\":\"https:\/\/ylasavonmobilistit.fi\/\",\"name\":\"Yl\u00e4-Savon Mobilistit ja Konepy\u00f6r\u00e4ilij\u00e4t ry\",\"description\":\"\",\"potentialAction\":[{\"@type\":\"SearchAction\",\"target\":{\"@type\":\"EntryPoint\",\"urlTemplate\":\"https:\/\/ylasavonmobilistit.fi\/?s={search_term_string}\"},\"query-input\":\"required name=search_term_string\"}],\"inLanguage\":\"fi\"},{\"@type\":\"Person\",\"@id\":\"https:\/\/ylasavonmobilistit.fi\/#\/schema\/person\/b082fb5f5fd779936abddf88efcee27b\",\"name\":\"admin\",\"sameAs\":[\"https:\/\/ylasavonmobilistit.fi\"],\"url\":\"https:\/\/ylasavonmobilistit.fi\/index.php\/author\/ysmadmin\/\"}]}<\/script>\n<!-- \/ Yoast SEO plugin. -->","yoast_head_json":{"title":"Yhdistyksen j\u00e4rjest\u00e4ytymiskokous 15.1.2026 - Yl\u00e4-Savon Mobilistit ja Konepy\u00f6r\u00e4ilij\u00e4t ry","robots":{"index":"index","follow":"follow","max-snippet":"max-snippet:-1","max-image-preview":"max-image-preview:large","max-video-preview":"max-video-preview:-1"},"canonical":"https:\/\/ylasavonmobilistit.fi\/index.php\/2026\/01\/17\/yhdistyksen-jarjestaytymiskokous-15-1-2026\/","og_locale":"fi_FI","og_type":"article","og_title":"Yhdistyksen j\u00e4rjest\u00e4ytymiskokous 15.1.2026 - Yl\u00e4-Savon Mobilistit ja Konepy\u00f6r\u00e4ilij\u00e4t ry","og_description":"Yhdistyksen hallitus ja sen teht\u00e4v\u00e4t 2026. Otteita p\u00f6yt\u00e4kirjasta:","og_url":"https:\/\/ylasavonmobilistit.fi\/index.php\/2026\/01\/17\/yhdistyksen-jarjestaytymiskokous-15-1-2026\/","og_site_name":"Yl\u00e4-Savon Mobilistit ja Konepy\u00f6r\u00e4ilij\u00e4t ry","article_published_time":"2026-01-17T09:55:07+00:00","article_modified_time":"2026-01-17T09:59:02+00:00","og_image":[{"url":"https:\/\/ylasavonmobilistit.fi\/wp-content\/uploads\/2026\/01\/Y-S-Mobilistit-startti-2026-1080x1080-1-1024x1024.png"}],"author":"admin","twitter_card":"summary_large_image","twitter_misc":{"Kirjoittanut":"admin","Arvioitu lukuaika":"2 minuuttia"},"schema":{"@context":"https:\/\/schema.org","@graph":[{"@type":"WebPage","@id":"https:\/\/ylasavonmobilistit.fi\/index.php\/2026\/01\/17\/yhdistyksen-jarjestaytymiskokous-15-1-2026\/","url":"https:\/\/ylasavonmobilistit.fi\/index.php\/2026\/01\/17\/yhdistyksen-jarjestaytymiskokous-15-1-2026\/","name":"Yhdistyksen j\u00e4rjest\u00e4ytymiskokous 15.1.2026 - Yl\u00e4-Savon Mobilistit ja Konepy\u00f6r\u00e4ilij\u00e4t ry","isPartOf":{"@id":"https:\/\/ylasavonmobilistit.fi\/#website"},"datePublished":"2026-01-17T09:55:07+00:00","dateModified":"2026-01-17T09:59:02+00:00","author":{"@id":"https:\/\/ylasavonmobilistit.fi\/#\/schema\/person\/b082fb5f5fd779936abddf88efcee27b"},"breadcrumb":{"@id":"https:\/\/ylasavonmobilistit.fi\/index.php\/2026\/01\/17\/yhdistyksen-jarjestaytymiskokous-15-1-2026\/#breadcrumb"},"inLanguage":"fi","potentialAction":[{"@type":"ReadAction","target":["https:\/\/ylasavonmobilistit.fi\/index.php\/2026\/01\/17\/yhdistyksen-jarjestaytymiskokous-15-1-2026\/"]}]},{"@type":"BreadcrumbList","@id":"https:\/\/ylasavonmobilistit.fi\/index.php\/2026\/01\/17\/yhdistyksen-jarjestaytymiskokous-15-1-2026\/#breadcrumb","itemListElement":[{"@type":"ListItem","position":1,"name":"Etusivu","item":"https:\/\/ylasavonmobilistit.fi\/"},{"@type":"ListItem","position":2,"name":"Yhdistyksen j\u00e4rjest\u00e4ytymiskokous 15.1.2026"}]},{"@type":"WebSite","@id":"https:\/\/ylasavonmobilistit.fi\/#website","url":"https:\/\/ylasavonmobilistit.fi\/","name":"Yl\u00e4-Savon Mobilistit ja Konepy\u00f6r\u00e4ilij\u00e4t ry","description":"","potentialAction":[{"@type":"SearchAction","target":{"@type":"EntryPoint","urlTemplate":"https:\/\/ylasavonmobilistit.fi\/?s={search_term_string}"},"query-input":"required name=search_term_string"}],"inLanguage":"fi"},{"@type":"Person","@id":"https:\/\/ylasavonmobilistit.fi\/#\/schema\/person\/b082fb5f5fd779936abddf88efcee27b","name":"admin","sameAs":["https:\/\/ylasavonmobilistit.fi"],"url":"https:\/\/ylasavonmobilistit.fi\/index.php\/author\/ysmadmin\/"}]}},"_links":{"self":[{"href":"https:\/\/ylasavonmobilistit.fi\/index.php\/wp-json\/wp\/v2\/posts\/1410","targetHints":{"allow":["GET"]}}],"collection":[{"href":"https:\/\/ylasavonmobilistit.fi\/index.php\/wp-json\/wp\/v2\/posts"}],"about":[{"href":"https:\/\/ylasavonmobilistit.fi\/index.php\/wp-json\/wp\/v2\/types\/post"}],"author":[{"embeddable":true,"href":"https:\/\/ylasavonmobilistit.fi\/index.php\/wp-json\/wp\/v2\/users\/1"}],"replies":[{"embeddable":true,"href":"https:\/\/ylasavonmobilistit.fi\/index.php\/wp-json\/wp\/v2\/comments?post=1410"}],"version-history":[{"count":2,"href":"https:\/\/ylasavonmobilistit.fi\/index.php\/wp-json\/wp\/v2\/posts\/1410\/revisions"}],"predecessor-version":[{"id":1417,"href":"https:\/\/ylasavonmobilistit.fi\/index.php\/wp-json\/wp\/v2\/posts\/1410\/revisions\/1417"}],"wp:attachment":[{"href":"https:\/\/ylasavonmobilistit.fi\/index.php\/wp-json\/wp\/v2\/media?parent=1410"}],"wp:term":[{"taxonomy":"category","embeddable":true,"href":"https:\/\/ylasavonmobilistit.fi\/index.php\/wp-json\/wp\/v2\/categories?post=1410"},{"taxonomy":"post_tag","embeddable":true,"href":"https:\/\/ylasavonmobilistit.fi\/index.php\/wp-json\/wp\/v2\/tags?post=1410"}],"curies":[{"name":"wp","href":"https:\/\/api.w.org\/{rel}","templated":true}]}}